{"id":22814,"__str__":"Mo\u00e7\u00e3o n\u00ba 28 de 2023 | Proposi\u00e7\u00e3o Aprovada e Arquivada | 03/10/2023","link_detail_backend":"/materia/tramitacao/22814","metadata":{},"timestamp":"2023-10-04T13:17:43.017159-03:00","data_tramitacao":"2023-10-03","data_encaminhamento":"2023-10-03","urgente":false,"turno":"U","texto":"Tramita\u00e7\u00e3o conclu\u00edda e arquivada. A entrega da mo\u00e7\u00e3o ao homenageado foi feita em Plen\u00e1rio durante a 36\u00aa Sess\u00e3o Ordin\u00e1ria em 03/10/2023.","data_fim_prazo":"2023-10-04","ip":"131.108.116.99","ultima_edicao":"2023-10-04T13:17:42.592956-03:00","status":76,"materia":7885,"unidade_tramitacao_local":3,"unidade_tramitacao_destino":5,"user":7}