{"id":18839,"__str__":"Emenda n\u00ba 5 de 2022 | Proposi\u00e7\u00e3o inclu\u00edda na Ordem do Dia para 1\u00aa e \u00fanica vota\u00e7\u00e3o | 13/09/2022","link_detail_backend":"/materia/tramitacao/18839","metadata":{},"timestamp":"2022-09-13T10:18:10.740480-03:00","data_tramitacao":"2022-09-13","data_encaminhamento":"2022-09-13","urgente":false,"turno":"U","texto":"Projeto inclu\u00eddo na Ordem do Dia da 32\u00aa Sess\u00e3o Ordin\u00e1ria de 2022, para 1\u00aa e \u00fanica vota\u00e7\u00e3o.","data_fim_prazo":"2022-09-14","ip":"131.108.116.99","ultima_edicao":"2022-09-13T10:16:54.353482-03:00","status":64,"materia":6615,"unidade_tramitacao_local":6,"unidade_tramitacao_destino":3,"user":18}