{"id":9520,"__str__":"Requerimento n\u00ba 470 de 2025","link_detail_backend":"/materia/9520","metadata":{},"numero":470,"ano":2025,"numero_protocolo":601,"data_apresentacao":"2025-05-27","tipo_apresentacao":"","data_publicacao":null,"numero_origem_externa":"","ano_origem_externa":null,"data_origem_externa":null,"apelido":"","dias_prazo":null,"data_fim_prazo":null,"em_tramitacao":true,"polemica":false,"objeto":"","complementar":false,"ementa":"INDICA\u00c7\u00c3O PARLAMENTAR - Solicitando um estudo de viabilidade para instala\u00e7\u00e3o de um sem\u00e1foro ou rotat\u00f3ria na interse\u00e7\u00e3o entre a Av. das Am\u00e9ricas e a Rua Uruguai.","indexacao":"","observacao":"","resultado":"","texto_original":"http://sapl.catalao.go.leg.br/media/sapl/public/materialegislativa/2025/9520/req042_-_av._das_americas.pdf","data_ultima_atualizacao":"2025-08-15T10:17:05.717858-03:00","ip":"","ultima_edicao":null,"tipo":3,"regime_tramitacao":2,"tipo_origem_externa":null,"local_origem_externa":null,"user":null,"anexadas":[],"autores":[84]}