{"id":9343,"__str__":"Requerimento n\u00ba 330 de 2025","link_detail_backend":"/materia/9343","metadata":{},"numero":330,"ano":2025,"numero_protocolo":424,"data_apresentacao":"2025-04-22","tipo_apresentacao":"","data_publicacao":null,"numero_origem_externa":"","ano_origem_externa":null,"data_origem_externa":null,"apelido":"","dias_prazo":null,"data_fim_prazo":null,"em_tramitacao":false,"polemica":false,"objeto":"","complementar":false,"ementa":"INDICA\u00c7\u00c3O PARLAMENTAR: Troca de l\u00e2mpadas queimadas em toda extens\u00e3o da Pra\u00e7a da Vila Chaud, situada a Rua Espanha.","indexacao":"","observacao":"","resultado":"","texto_original":"http://sapl.catalao.go.leg.br/media/sapl/public/materialegislativa/2025/9343/sessao_ordinaria_22_de_abril_de_2025_01.pdf","data_ultima_atualizacao":"2025-07-25T13:56:52.679367-03:00","ip":"","ultima_edicao":null,"tipo":3,"regime_tramitacao":2,"tipo_origem_externa":null,"local_origem_externa":null,"user":null,"anexadas":[],"autores":[4]}