{"id":9116,"__str__":"Projeto de Lei n\u00ba 19 de 2025","link_detail_backend":"/materia/9116","metadata":{},"numero":19,"ano":2025,"numero_protocolo":195,"data_apresentacao":"2025-03-06","tipo_apresentacao":"","data_publicacao":null,"numero_origem_externa":"","ano_origem_externa":null,"data_origem_externa":null,"apelido":"","dias_prazo":null,"data_fim_prazo":null,"em_tramitacao":false,"polemica":false,"objeto":"","complementar":false,"ementa":"\u201cDesafeta, para fins de reparcelamento, as \u00e1reas p\u00fablicas indicadas na matr\u00edcula imobili\u00e1ria n\u00ba 45.600, registro R.3, do Livro 2-Registro Geral, do Cart\u00f3rio de Registro de Im\u00f3veis de Catal\u00e3o/GO, e d\u00e1 outras provid\u00eancias.\u201d","indexacao":"reparcelamento\r\n\u00e1reas p\u00fablicas\r\ndesafeta","observacao":"","resultado":"","texto_original":"http://sapl.catalao.go.leg.br/media/sapl/public/materialegislativa/2025/9116/pl_019_2025_pagenumber_1.pdf","data_ultima_atualizacao":"2025-07-18T14:20:14.049214-03:00","ip":"138.186.107.184","ultima_edicao":"2025-03-06T10:15:18.560375-03:00","tipo":1,"regime_tramitacao":2,"tipo_origem_externa":null,"local_origem_externa":null,"user":18,"anexadas":[],"autores":[83]}