{"id":8971,"__str__":"Projeto de Lei n\u00ba 13 de 2025","link_detail_backend":"/materia/8971","metadata":{},"numero":13,"ano":2025,"numero_protocolo":50,"data_apresentacao":"2025-02-11","tipo_apresentacao":"E","data_publicacao":null,"numero_origem_externa":"","ano_origem_externa":null,"data_origem_externa":null,"apelido":"","dias_prazo":null,"data_fim_prazo":null,"em_tramitacao":false,"polemica":false,"objeto":"","complementar":false,"ementa":"\"Autoriza o Poder Executivo, via Fundo Municipal de Assist\u00eancia Social, a contratar profissionais por tempo determinado na \u00e1rea da A\u00e7\u00e3o Social, para atender \u00e0 necessidade tempor\u00e1ria de excepcional interesse p\u00fablico da administra\u00e7\u00e3o municipal\".","indexacao":"Processo Seletivo \r\nAutoriza \r\nFundo Municipal de Assist\u00eancia Social\r\nContratar \r\nTempo determinado \r\nA\u00e7\u00e3o Social\r\nTempor\u00e1ria","observacao":"","resultado":"","texto_original":"http://sapl.catalao.go.leg.br/media/sapl/public/materialegislativa/2025/8971/projeto_de_lei_no_13_2025.pdf","data_ultima_atualizacao":"2025-07-18T14:20:08.961054-03:00","ip":"138.186.107.184","ultima_edicao":"2025-02-11T09:25:24.507944-03:00","tipo":1,"regime_tramitacao":1,"tipo_origem_externa":null,"local_origem_externa":null,"user":7,"anexadas":[],"autores":[83]}