{"id":8922,"__str__":"Projeto de Lei n\u00ba 138 de 2024","link_detail_backend":"/materia/8922","metadata":{},"numero":138,"ano":2024,"numero_protocolo":1,"data_apresentacao":"2024-12-20","tipo_apresentacao":"E","data_publicacao":null,"numero_origem_externa":"","ano_origem_externa":null,"data_origem_externa":null,"apelido":"","dias_prazo":null,"data_fim_prazo":null,"em_tramitacao":false,"polemica":false,"objeto":"","complementar":false,"ementa":"\"Denomina de Setor de Forma\u00e7\u00e3o Continuada para Educadores e Educadoras da Rede Municipal de Ensino de Catal\u00e3o Israel Mac\u00eado, o im\u00f3vel que especifica, vinculado \u00e0 estrutura da Secretaria Municipal de Educa\u00e7\u00e3o\".","indexacao":"Denomina \r\nSetor de Forma\u00e7\u00e3o Continuada\r\nEducadores \r\nEducadoras \r\nRede Municipal de Ensino \r\nIsrael Mac\u00eado\r\nIm\u00f3vel \r\nSecretaria Municipal de Educa\u00e7\u00e3o","observacao":"","resultado":"","texto_original":"http://sapl.catalao.go.leg.br/media/sapl/public/materialegislativa/2024/8922/projeto_de_lei_no_138-2024.pdf","data_ultima_atualizacao":"2025-05-15T14:06:18.537323-03:00","ip":"138.186.107.184","ultima_edicao":"2025-01-08T08:21:19.663376-03:00","tipo":1,"regime_tramitacao":2,"tipo_origem_externa":null,"local_origem_externa":null,"user":7,"anexadas":[],"autores":[66]}