{"id":7991,"__str__":"Requerimento n\u00ba 592 de 2023","link_detail_backend":"/materia/7991","metadata":{},"numero":592,"ano":2023,"numero_protocolo":831,"data_apresentacao":"2023-11-07","tipo_apresentacao":"","data_publicacao":null,"numero_origem_externa":"","ano_origem_externa":null,"data_origem_externa":null,"apelido":"","dias_prazo":null,"data_fim_prazo":null,"em_tramitacao":false,"polemica":false,"objeto":"","complementar":false,"ementa":"Solicita a revitaliza\u00e7\u00e3o da Pra\u00e7a L\u00e1zaro Domingos, situada no Bairro Primavera.","indexacao":"","observacao":"","resultado":"","texto_original":"http://sapl.catalao.go.leg.br/media/sapl/public/materialegislativa/2023/7991/requerimento_41o_sessao_-_reforma_praca_lazaro_domingos_-_07_11_2023.pdf","data_ultima_atualizacao":"2024-03-08T15:41:18.703821-03:00","ip":"","ultima_edicao":null,"tipo":3,"regime_tramitacao":2,"tipo_origem_externa":null,"local_origem_externa":null,"user":null,"anexadas":[],"autores":[59]}