{"id":7951,"__str__":"Requerimento n\u00ba 559 de 2023","link_detail_backend":"/materia/7951","metadata":{},"numero":559,"ano":2023,"numero_protocolo":791,"data_apresentacao":"2023-10-24","tipo_apresentacao":"","data_publicacao":null,"numero_origem_externa":"","ano_origem_externa":null,"data_origem_externa":null,"apelido":"","dias_prazo":null,"data_fim_prazo":null,"em_tramitacao":false,"polemica":false,"objeto":"","complementar":false,"ementa":"solicitar ao Exmo. Sr. Clayton C\u00e9sar dos Santos, Superintendente Municipal de Tr\u00e2nsito \u2013 SMTC e ao Exmo. Sr. Adib Elias, Prefeito Municipal de Catal\u00e3o para que providencie faixas de \u201cPare\u201d na avenida da cachoeirinha esquina com a pra\u00e7a flor de maio (pr\u00f3ximo a GO), como tamb\u00e9m faixas de \u201cPare\u201d na rua dos boiadeiros esquina com a pra\u00e7a flor de maio (entrada para o Evelina Nour)","indexacao":"","observacao":"","resultado":"","texto_original":"http://sapl.catalao.go.leg.br/media/sapl/public/materialegislativa/2023/7951/020_-_clayton_cesar.pdf","data_ultima_atualizacao":"2023-10-25T10:37:40.230604-03:00","ip":"","ultima_edicao":null,"tipo":3,"regime_tramitacao":2,"tipo_origem_externa":null,"local_origem_externa":null,"user":null,"anexadas":[],"autores":[15]}