{"id":7886,"__str__":"Requerimento n\u00ba 512 de 2023","link_detail_backend":"/materia/7886","metadata":{},"numero":512,"ano":2023,"numero_protocolo":722,"data_apresentacao":"2023-10-03","tipo_apresentacao":"","data_publicacao":null,"numero_origem_externa":"","ano_origem_externa":null,"data_origem_externa":null,"apelido":"","dias_prazo":null,"data_fim_prazo":null,"em_tramitacao":false,"polemica":false,"objeto":"","complementar":false,"ementa":"Seja oficiado ao Prefeito Municipal de Catal\u00e3o, Dr. Adib Elias, e ao Superintendente Municipal de \u00c1gua e Esgoto de Catal\u00e3o, Ilmo. Sr. Rodrigo Margon, a isen\u00e7\u00e3o da taxa de \u00e1gua e esgoto do Asilo S\u00e3o Vicente de Paulo - Obra Unida SSVP e da Funda\u00e7\u00e3o Esp\u00edrita Antero Da Costa Carvalho.","indexacao":"","observacao":"","resultado":"","texto_original":"http://sapl.catalao.go.leg.br/media/sapl/public/materialegislativa/2023/7886/36_sessao_2023_-_02.pdf","data_ultima_atualizacao":"2024-03-08T15:41:10.629237-03:00","ip":"","ultima_edicao":null,"tipo":3,"regime_tramitacao":2,"tipo_origem_externa":null,"local_origem_externa":null,"user":null,"anexadas":[],"autores":[4]}