{"id":7847,"__str__":"Projeto de Lei n\u00ba 87 de 2023","link_detail_backend":"/materia/7847","metadata":{},"numero":87,"ano":2023,"numero_protocolo":684,"data_apresentacao":"2023-09-25","tipo_apresentacao":"","data_publicacao":null,"numero_origem_externa":"","ano_origem_externa":null,"data_origem_externa":null,"apelido":"","dias_prazo":null,"data_fim_prazo":null,"em_tramitacao":false,"polemica":false,"objeto":"","complementar":false,"ementa":"\"Institui o dia Municipal da Sa\u00fade, no Munic\u00edpio de Catal\u00e3o, e d\u00e1 outras provid\u00eancias\".","indexacao":"Institui \r\nDia \r\nMunicipal \r\nSa\u00fade\r\nCatal\u00e3o","observacao":"","resultado":"","texto_original":"http://sapl.catalao.go.leg.br/media/sapl/public/materialegislativa/2023/7847/projeto_de_lei_no_87-2023.pdf","data_ultima_atualizacao":"2025-05-15T14:13:57.965359-03:00","ip":"131.108.116.99","ultima_edicao":"2023-09-25T13:28:10.999207-03:00","tipo":1,"regime_tramitacao":2,"tipo_origem_externa":null,"local_origem_externa":null,"user":7,"anexadas":[],"autores":[60]}