{"id":7779,"__str__":"Requerimento n\u00ba 432 de 2023","link_detail_backend":"/materia/7779","metadata":{},"numero":432,"ano":2023,"numero_protocolo":612,"data_apresentacao":"2023-09-05","tipo_apresentacao":"","data_publicacao":null,"numero_origem_externa":"","ano_origem_externa":null,"data_origem_externa":null,"apelido":"","dias_prazo":null,"data_fim_prazo":null,"em_tramitacao":false,"polemica":false,"objeto":"","complementar":false,"ementa":"Oficio ao Deputado Federal, Exmo. Sr. Jos\u00e9 Nelto Lagares das Mercez, a indica\u00e7\u00e3o de Emenda para a aquisi\u00e7\u00e3o de 02 (duas) ambul\u00e2ncias, sendo 01 (uma) para Unidade de Suporte B\u00e1sico - USB e 01 (uma) para Unidade de Suporte Avan\u00e7ado \u2013 USA; para atender a demanda da Unidade do SAMU de Catal\u00e3o/GO.","indexacao":"","observacao":"","resultado":"","texto_original":"http://sapl.catalao.go.leg.br/media/sapl/public/materialegislativa/2023/7779/31_sessao_2023_-_01.pdf","data_ultima_atualizacao":"2024-03-08T15:41:00.923972-03:00","ip":"","ultima_edicao":null,"tipo":3,"regime_tramitacao":2,"tipo_origem_externa":null,"local_origem_externa":null,"user":null,"anexadas":[],"autores":[4]}