{"id":7507,"__str__":"Mo\u00e7\u00e3o n\u00ba 8 de 2023","link_detail_backend":"/materia/7507","metadata":{},"numero":8,"ano":2023,"numero_protocolo":329,"data_apresentacao":"2023-05-16","tipo_apresentacao":"","data_publicacao":null,"numero_origem_externa":"","ano_origem_externa":null,"data_origem_externa":null,"apelido":"","dias_prazo":null,"data_fim_prazo":null,"em_tramitacao":true,"polemica":false,"objeto":"","complementar":false,"ementa":"Mo\u00e7\u00e3o de aplausos a todos os profissionais de Enfermagem do Munic\u00edpio de Catal\u00e3o-GO, em comemora\u00e7\u00e3o ao dia 12 de Maio \u2013 Dia internacional da Enfermagem.","indexacao":"","observacao":"","resultado":"","texto_original":"http://sapl.catalao.go.leg.br/media/sapl/public/materialegislativa/2023/7507/img_20230515_0001.pdf","data_ultima_atualizacao":"2024-03-08T15:35:19.954252-03:00","ip":"","ultima_edicao":null,"tipo":4,"regime_tramitacao":2,"tipo_origem_externa":null,"local_origem_externa":null,"user":null,"anexadas":[],"autores":[60]}