{"id":7377,"__str__":"Requerimento n\u00ba 143 de 2023","link_detail_backend":"/materia/7377","metadata":{},"numero":143,"ano":2023,"numero_protocolo":193,"data_apresentacao":"2023-04-04","tipo_apresentacao":"","data_publicacao":null,"numero_origem_externa":"","ano_origem_externa":null,"data_origem_externa":null,"apelido":"","dias_prazo":null,"data_fim_prazo":null,"em_tramitacao":false,"polemica":false,"objeto":"","complementar":false,"ementa":"\u201cIlumina\u00e7\u00e3o da Avenida Jo\u00e3o Margon Vaz, que liga os bairros Campo Belo, Jardim Floren\u00e7a e Dona Matilde.\u201d","indexacao":"","observacao":"","resultado":"","texto_original":"http://sapl.catalao.go.leg.br/media/sapl/public/materialegislativa/2023/7377/requerimento_01_11_sessao.pdf","data_ultima_atualizacao":"2024-03-08T15:40:34.809811-03:00","ip":"","ultima_edicao":null,"tipo":3,"regime_tramitacao":2,"tipo_origem_externa":null,"local_origem_externa":null,"user":null,"anexadas":[],"autores":[13]}