{"id":7233,"__str__":"Projeto de Lei n\u00ba 12 de 2023","link_detail_backend":"/materia/7233","metadata":{},"numero":12,"ano":2023,"numero_protocolo":39,"data_apresentacao":"2023-02-13","tipo_apresentacao":"E","data_publicacao":null,"numero_origem_externa":"","ano_origem_externa":null,"data_origem_externa":null,"apelido":"","dias_prazo":null,"data_fim_prazo":null,"em_tramitacao":false,"polemica":false,"objeto":"","complementar":false,"ementa":"\"Altera a reda\u00e7\u00e3o do artigo 6\u00b0, \u00a72\u00b0, da Lei Municipal n\u00b0 4.044/2022, de 22 de dezembro de 2022, que `Define estrutura pr\u00f3pria de cargos comissionados de dire\u00e7\u00e3o, chefia e assessoramento junto ao Fundo Municipal de Educa\u00e7\u00e3o do Munic\u00edpio de Catal\u00e3o \u2014 FME institu\u00eddo pela Lei Municipal n\u00b0 3.224/2015, realocando no quadro da Lei Municipal n\u00b0 2.637/2008 os cargos que especifica, acrescendo vagas e ajustando remunera\u00e7\u00e3o; faz vincula\u00e7\u00e3o do quadro de efetivos que menciona, constante da Lei Municipal n\u00b0 1.818/2000, ao Fundo Municipal de Educa\u00e7\u00e3o do Munic\u00edpio de Catal\u00e3o \u2014 FME, criando anexo pr\u00f3prio na respectiva estrutura; institui novos cargos e vagas de provimento efetivo na forma que estabelece, junto \u00e0 Lei Municipal n\u00b0 1.818/2000, ao Fundo Municipal de Educa\u00e7\u00e3o do Munic\u00edpio de Catal\u00e3o \u2014 FME; consolida a Estrutura Administrativa e de pessoal do Fundo Municipal de Educa\u00e7\u00e3o do Munic\u00edpio de Catal\u00e3o, com cargos de provimento em comiss\u00e3o e de natureza efetiva; faz altera\u00e7\u00f5es nas Leis Municipais ...","indexacao":"Altera\r\nCria\r\nCargos comissionados\r\nCargos efetivos\r\nEeduca\u00e7\u00e3o\r\nFME","observacao":"","resultado":"","texto_original":"http://sapl.catalao.go.leg.br/media/sapl/public/materialegislativa/2023/7233/projeto_de_lei_no_12-2023.pdf","data_ultima_atualizacao":"2025-05-15T14:13:17.691616-03:00","ip":"131.108.116.99","ultima_edicao":"2023-02-13T09:49:55.309819-03:00","tipo":1,"regime_tramitacao":2,"tipo_origem_externa":null,"local_origem_externa":null,"user":7,"anexadas":[],"autores":[66]}