{"id":6948,"__str__":"Projeto de Lei n\u00ba 89 de 2022","link_detail_backend":"/materia/6948","metadata":{},"numero":89,"ano":2022,"numero_protocolo":974,"data_apresentacao":"2022-11-23","tipo_apresentacao":"E","data_publicacao":null,"numero_origem_externa":"","ano_origem_externa":null,"data_origem_externa":null,"apelido":"","dias_prazo":null,"data_fim_prazo":null,"em_tramitacao":false,"polemica":false,"objeto":"","complementar":false,"ementa":"\"Promove altera\u00e7\u00f5es na Lei Municipal n\u00b0 2.637/2008, de 19 de dezembro de 2008, instituindo a Diretoria Geral de Arte e Cultura junto \u00e0 Funda\u00e7\u00e3o Cultural Maria das Dores Campos, com novo cargo em comiss\u00e3o; majora o vencimento base do cargo em comiss\u00e3o de Presidente da referida Funda\u00e7\u00e3o, e d\u00e1 outras provid\u00eancias\".","indexacao":"Altera\u00e7\u00f5es\r\nLei Municipal n\u00b0 2.637/2008\r\nDiretoria Geral de Arte e Cultura \r\nFunda\u00e7\u00e3o Cultural Maria das Dores Campos\r\nCargo \r\nVencimento \r\nPresidente da Funda\u00e7\u00e3o","observacao":"","resultado":"","texto_original":"http://sapl.catalao.go.leg.br/media/sapl/public/materialegislativa/2022/6948/projeto_de_lei_no_89-2022.pdf","data_ultima_atualizacao":"2023-02-13T13:49:04.763655-03:00","ip":"131.108.116.99","ultima_edicao":"2022-11-23T10:15:36.780567-03:00","tipo":1,"regime_tramitacao":2,"tipo_origem_externa":null,"local_origem_externa":null,"user":7,"anexadas":[],"autores":[66]}