{"id":6375,"__str__":"Mo\u00e7\u00e3o n\u00ba 30 de 2022","link_detail_backend":"/materia/6375","metadata":{},"numero":30,"ano":2022,"numero_protocolo":560,"data_apresentacao":"2022-06-07","tipo_apresentacao":"","data_publicacao":null,"numero_origem_externa":"","ano_origem_externa":null,"data_origem_externa":null,"apelido":"","dias_prazo":null,"data_fim_prazo":null,"em_tramitacao":true,"polemica":false,"objeto":"","complementar":false,"ementa":"Mo\u00e7\u00e3o de aplausos ao Dia Internacional do ''Pastor Evang\u00e9lico''.","indexacao":"","observacao":"","resultado":"","texto_original":"http://sapl.catalao.go.leg.br/media/sapl/public/materialegislativa/2022/6375/mocao_de_aplauso_dia_internacional_do_pastor.pdf","data_ultima_atualizacao":"2023-01-27T09:27:57.084089-03:00","ip":"131.108.116.99","ultima_edicao":"2022-06-08T09:10:39.110628-03:00","tipo":4,"regime_tramitacao":2,"tipo_origem_externa":null,"local_origem_externa":null,"user":7,"anexadas":[],"autores":[5]}