{"id":5754,"__str__":"Projeto de Emenda \u00e0 Lei org\u00e2nica do Munic\u00edpio n\u00ba 1 de 2022","link_detail_backend":"/materia/5754","metadata":{},"numero":1,"ano":2022,"numero_protocolo":127,"data_apresentacao":"2022-02-23","tipo_apresentacao":"E","data_publicacao":null,"numero_origem_externa":"01","ano_origem_externa":2022,"data_origem_externa":"2022-02-23","apelido":"","dias_prazo":null,"data_fim_prazo":null,"em_tramitacao":false,"polemica":false,"objeto":"","complementar":false,"ementa":"\"Altera a reda\u00e7\u00e3o do art. 16, V, e art. 121, \u00a7 3\u00ba da Lei Org\u00e2nica do Munic\u00edpio de Catal\u00e3o, Lei n\u00ba. 845/1990\".","indexacao":"D\u00e9cimo terceiro dos vereadores\r\nVOTA\u00c7\u00c3O NOMINAL","observacao":"","resultado":"","texto_original":"http://sapl.catalao.go.leg.br/media/sapl/public/materialegislativa/2022/5754/projeto_de_emenda_a_lei_organica_01-2022.pdf","data_ultima_atualizacao":"2025-08-08T10:43:50.469197-03:00","ip":"138.186.107.184","ultima_edicao":"2025-08-08T10:43:50.284422-03:00","tipo":12,"regime_tramitacao":2,"tipo_origem_externa":12,"local_origem_externa":2,"user":18,"anexadas":[],"autores":[70]}