{"id":5750,"__str__":"Projeto de Lei n\u00ba 7 de 2022","link_detail_backend":"/materia/5750","metadata":{},"numero":7,"ano":2022,"numero_protocolo":123,"data_apresentacao":"2022-02-22","tipo_apresentacao":"E","data_publicacao":null,"numero_origem_externa":"7","ano_origem_externa":2022,"data_origem_externa":"2022-02-22","apelido":"","dias_prazo":null,"data_fim_prazo":null,"em_tramitacao":false,"polemica":false,"objeto":"","complementar":false,"ementa":"\"Disp\u00f5e sobre adequa\u00e7\u00e3o, via de antecipa\u00e7\u00e3o salarial dos vencimentos do quadro do magist\u00e9rio p\u00fablico municipal da educa\u00e7\u00e3o b\u00e1sica ao piso salarial profissional nacional institu\u00eddo pela Lei Federal n\u00ba 11.738, de 16/7/2008, para vigorar a partir de 1\u00ba de janeiro de 2022\".","indexacao":"magist\u00e9rio\r\nantecipa\u00e7\u00e3o salarial","observacao":"","resultado":"","texto_original":"http://sapl.catalao.go.leg.br/media/sapl/public/materialegislativa/2022/5750/projeto_de_lei_no_07_de_22_de_fevereiro.pdf","data_ultima_atualizacao":"2022-04-05T10:07:22.129072-03:00","ip":"131.108.116.99","ultima_edicao":"2022-02-22T10:19:17.261276-03:00","tipo":1,"regime_tramitacao":2,"tipo_origem_externa":1,"local_origem_externa":1,"user":18,"anexadas":[],"autores":[66]}