{"id":5584,"__str__":"Requerimento n\u00ba 920 de 2021","link_detail_backend":"/materia/5584","metadata":{},"numero":920,"ano":2021,"numero_protocolo":1013,"data_apresentacao":"2021-11-30","tipo_apresentacao":"","data_publicacao":null,"numero_origem_externa":"","ano_origem_externa":null,"data_origem_externa":null,"apelido":"","dias_prazo":null,"data_fim_prazo":null,"em_tramitacao":true,"polemica":false,"objeto":"","complementar":false,"ementa":"SOLICITA, a substitui\u00e7\u00e3o das l\u00e2mpadas queimadas no interior da Pra\u00e7a Francisco Tozzi, popularmente conhecida como Pra\u00e7a da Vila Liberdade, nesta cidade.","indexacao":"","observacao":"","resultado":"","texto_original":"http://sapl.catalao.go.leg.br/media/sapl/public/materialegislativa/2021/5584/req._54_-_solicita_troca_de_lampada_queimadas_no_interior_da_praca_da_vila_liberdade_nesta_cidade.pdf","data_ultima_atualizacao":"2022-02-22T15:29:45.648004-03:00","ip":"","ultima_edicao":null,"tipo":3,"regime_tramitacao":2,"tipo_origem_externa":null,"local_origem_externa":null,"user":null,"anexadas":[],"autores":[16]}