{"id":5411,"__str__":"Requerimento n\u00ba 811 de 2021","link_detail_backend":"/materia/5411","metadata":{},"numero":811,"ano":2021,"numero_protocolo":834,"data_apresentacao":"2021-10-26","tipo_apresentacao":"","data_publicacao":null,"numero_origem_externa":"","ano_origem_externa":null,"data_origem_externa":null,"apelido":"","dias_prazo":null,"data_fim_prazo":null,"em_tramitacao":true,"polemica":false,"objeto":"","complementar":false,"ementa":"Indica\u00e7\u00e3o para a constru\u00e7\u00e3o de uma faixa elevada na Av. Principal, localizada no distrito de Pires Belo.","indexacao":"","observacao":"","resultado":"","texto_original":"http://sapl.catalao.go.leg.br/media/sapl/public/materialegislativa/2021/5411/requerimento_pires_belo_faixa_elevada.pdf","data_ultima_atualizacao":"2022-02-02T08:59:49.846692-03:00","ip":"","ultima_edicao":null,"tipo":3,"regime_tramitacao":2,"tipo_origem_externa":null,"local_origem_externa":null,"user":null,"anexadas":[],"autores":[62]}