{"id":5216,"__str__":"Requerimento n\u00ba 684 de 2021","link_detail_backend":"/materia/5216","metadata":{},"numero":684,"ano":2021,"numero_protocolo":671,"data_apresentacao":"2021-09-21","tipo_apresentacao":"","data_publicacao":null,"numero_origem_externa":"","ano_origem_externa":null,"data_origem_externa":null,"apelido":"","dias_prazo":null,"data_fim_prazo":null,"em_tramitacao":true,"polemica":false,"objeto":"","complementar":false,"ementa":"Solicito ao Secretario Municipal de Meio Ambiente, Ilmo. Sr. Silas Jose Trist\u00e3o, a realiza\u00e7\u00e3o de aceiro e/ou quaisquer outras medidas cab\u00edveis para mitigar as queimadas que podem ocorrer nas \u00e1reas verdes do Munic\u00edpio de Catal\u00e3o/GO, bem como, cobrar aos propriet\u00e1rios de \u00e1reas particulares para que os mesmos tomem provid\u00eancia referente \u00e0 realiza\u00e7\u00e3o de aceiros.","indexacao":"","observacao":"","resultado":"","texto_original":"http://sapl.catalao.go.leg.br/media/sapl/public/materialegislativa/2021/5216/32_sessao_ordinaria_-_03.pdf","data_ultima_atualizacao":"2021-11-23T08:33:42.479151-03:00","ip":"","ultima_edicao":null,"tipo":3,"regime_tramitacao":2,"tipo_origem_externa":null,"local_origem_externa":null,"user":null,"anexadas":[],"autores":[4]}