{"id":5013,"__str__":"Requerimento n\u00ba 650 de 2021","link_detail_backend":"/materia/5013","metadata":{},"numero":650,"ano":2021,"numero_protocolo":608,"data_apresentacao":"2021-09-09","tipo_apresentacao":"","data_publicacao":null,"numero_origem_externa":"","ano_origem_externa":null,"data_origem_externa":null,"apelido":"","dias_prazo":null,"data_fim_prazo":null,"em_tramitacao":true,"polemica":false,"objeto":"","complementar":false,"ementa":"Melhoramento da Ilumina\u00e7\u00e3o da Pra\u00e7a Emanuel dos Santos Batista","indexacao":"","observacao":"","resultado":"","texto_original":"http://sapl.catalao.go.leg.br/media/sapl/public/materialegislativa/2021/5013/req._iluminacao_da_praca_emanoel.pdf","data_ultima_atualizacao":"2021-10-13T15:05:25.404266-03:00","ip":"","ultima_edicao":null,"tipo":3,"regime_tramitacao":2,"tipo_origem_externa":null,"local_origem_externa":null,"user":null,"anexadas":[],"autores":[5]}