{"id":4606,"__str__":"Requerimento n\u00ba 426 de 2021","link_detail_backend":"/materia/4606","metadata":{},"numero":426,"ano":2021,"numero_protocolo":304,"data_apresentacao":"2021-05-24","tipo_apresentacao":"","data_publicacao":null,"numero_origem_externa":"","ano_origem_externa":null,"data_origem_externa":null,"apelido":"","dias_prazo":null,"data_fim_prazo":null,"em_tramitacao":true,"polemica":false,"objeto":"","complementar":false,"ementa":"Solicito ao Secret\u00e1rio Municipal de Sa\u00fade, Ilmo. Sr. Velomar Gon\u00e7alves Rios, a inclus\u00e3o da categoria de Oficial de Justi\u00e7a no grupo priorit\u00e1rio de vacina\u00e7\u00e3o contra a COVID-19.","indexacao":"","observacao":"","resultado":"","texto_original":"http://sapl.catalao.go.leg.br/media/sapl/public/materialegislativa/2021/4606/20a_sessao_ordinaria_-_03_claudio_lima.pdf","data_ultima_atualizacao":"2021-06-01T09:43:44.050428-03:00","ip":"","ultima_edicao":null,"tipo":3,"regime_tramitacao":2,"tipo_origem_externa":null,"local_origem_externa":null,"user":null,"anexadas":[],"autores":[4]}