{"id":4547,"__str__":"Projeto de Lei n\u00ba 41 de 2021","link_detail_backend":"/materia/4547","metadata":{},"numero":41,"ano":2021,"numero_protocolo":246,"data_apresentacao":"2021-05-17","tipo_apresentacao":"","data_publicacao":null,"numero_origem_externa":"","ano_origem_externa":null,"data_origem_externa":null,"apelido":"","dias_prazo":null,"data_fim_prazo":null,"em_tramitacao":true,"polemica":false,"objeto":"","complementar":false,"ementa":"Institui o Dia Municipal em Mem\u00f3ria \u00e0s v\u00edtimas da COVID-19.","indexacao":"","observacao":"","resultado":"","texto_original":"http://sapl.catalao.go.leg.br/media/sapl/public/materialegislativa/2021/4547/pl_no_41-2021.pdf","data_ultima_atualizacao":"2021-07-02T14:16:38.822340-03:00","ip":"131.108.116.99","ultima_edicao":"2021-05-17T14:07:28.530319-03:00","tipo":1,"regime_tramitacao":2,"tipo_origem_externa":null,"local_origem_externa":null,"user":30,"anexadas":[],"autores":[8]}