{"id":2554,"__str__":"Requerimento n\u00ba 152 de 2020","link_detail_backend":"/materia/2554","metadata":{},"numero":152,"ano":2020,"numero_protocolo":null,"data_apresentacao":"2020-02-19","tipo_apresentacao":"E","data_publicacao":"2020-02-19","numero_origem_externa":"152","ano_origem_externa":2020,"data_origem_externa":"2020-02-19","apelido":"","dias_prazo":null,"data_fim_prazo":"2020-02-19","em_tramitacao":false,"polemica":false,"objeto":"","complementar":false,"ementa":"\"Urbaniza\u00e7\u00e3o e revitaliza\u00e7\u00e3o da Pra\u00e7a da F\u00e9, Pra\u00e7a da Vila Cruzeiro\".","indexacao":"","observacao":"","resultado":"","texto_original":"http://sapl.catalao.go.leg.br/media/sapl/public/materialegislativa/2020/2554/no152__silvia_aparecida.pdf","data_ultima_atualizacao":"2021-08-27T15:27:54.691741-03:00","ip":"131.108.116.99","ultima_edicao":null,"tipo":3,"regime_tramitacao":2,"tipo_origem_externa":3,"local_origem_externa":2,"user":15,"anexadas":[],"autores":[19]}