{"id":1781,"__str__":"Projeto de Lei n\u00ba 110 de 2019","link_detail_backend":"/materia/1781","metadata":{},"numero":110,"ano":2019,"numero_protocolo":171,"data_apresentacao":"2019-10-15","tipo_apresentacao":"E","data_publicacao":"2019-10-15","numero_origem_externa":"110","ano_origem_externa":2019,"data_origem_externa":"2019-10-15","apelido":"","dias_prazo":null,"data_fim_prazo":null,"em_tramitacao":false,"polemica":false,"objeto":"","complementar":false,"ementa":"\"Altera o n\u00famero de vagas dos cargos de ENFERMEIRO E T\u00c9CNICO DE ENFERMAGEM , CONSTANTES DO ANEXO \u00daNICO DA LEI MUNICIPAL DE SA\u00daDE DE CATAL\u00c3O A CONTRATAR SERVIDORES PARA ATENDER \u00c0 NECESSIDADE TEMPOR\u00c1RIA DE EXCEPCIONAL INTERESSE P\u00daBLICO\".","indexacao":"","observacao":"","resultado":"","texto_original":"http://sapl.catalao.go.leg.br/media/sapl/public/materialegislativa/2019/1781/pl_110.pdf","data_ultima_atualizacao":"2020-05-07T15:23:29.429486-03:00","ip":"131.108.116.99","ultima_edicao":null,"tipo":1,"regime_tramitacao":2,"tipo_origem_externa":1,"local_origem_externa":1,"user":6,"anexadas":[],"autores":[66]}