{"id":1593,"__str__":"Requerimento n\u00ba 1178 de 2019","link_detail_backend":"/materia/1593","metadata":{},"numero":1178,"ano":2019,"numero_protocolo":null,"data_apresentacao":"2019-09-23","tipo_apresentacao":"E","data_publicacao":"2019-09-23","numero_origem_externa":"1178","ano_origem_externa":2019,"data_origem_externa":"2019-09-23","apelido":"","dias_prazo":null,"data_fim_prazo":"2019-09-23","em_tramitacao":false,"polemica":false,"objeto":"","complementar":false,"ementa":"\"Solicita um acompanhamento da \u00e1reas verdes vulner\u00e1veis \u00e0 queimadas e que se necess\u00e1rio notifique os propriet\u00e1rios e/ou o munic\u00edpio da necessidade da realiza\u00e7\u00e3o de aceiros ou de qualquer outras medidas para evitar que ocorra queimadas\".","indexacao":"","observacao":"","resultado":"","texto_original":"http://sapl.catalao.go.leg.br/media/sapl/public/materialegislativa/2019/1593/req_1178_-_marcelo_mendonca.pdf","data_ultima_atualizacao":"2019-09-27T09:49:47.599110-03:00","ip":"131.108.116.99","ultima_edicao":null,"tipo":3,"regime_tramitacao":2,"tipo_origem_externa":3,"local_origem_externa":2,"user":14,"anexadas":[],"autores":[20]}