{"id":1315,"__str__":"Requerimento n\u00ba 973 de 2019","link_detail_backend":"/materia/1315","metadata":{},"numero":973,"ano":2019,"numero_protocolo":null,"data_apresentacao":"2019-08-21","tipo_apresentacao":"E","data_publicacao":"2019-08-21","numero_origem_externa":"973","ano_origem_externa":2019,"data_origem_externa":"2019-08-21","apelido":"","dias_prazo":null,"data_fim_prazo":"2019-08-21","em_tramitacao":false,"polemica":false,"objeto":"","complementar":false,"ementa":"\"Reforma total e moderniza\u00e7\u00e3o da Pra\u00e7a das M\u00e3es em frente a Santa Casa de Miseric\u00f3rdia\".","indexacao":"","observacao":"","resultado":"","texto_original":"http://sapl.catalao.go.leg.br/media/sapl/public/materialegislativa/2019/1315/973-pedro.pdf","data_ultima_atualizacao":"2019-08-29T08:54:23.251475-03:00","ip":"131.108.116.99","ultima_edicao":null,"tipo":3,"regime_tramitacao":2,"tipo_origem_externa":3,"local_origem_externa":2,"user":6,"anexadas":[],"autores":[11]}