{"id":9690,"__str__":"Parecer da Comiss\u00e3o de Meio Ambiente - Comiss\u00e3o de Meio Ambiente de 19/08/2025 por Idelvan-relator, Ca\u00e7ula-presidente e Cleuber-vogal","link_detail_backend":"/materia/documentoacessorio/9690","metadata":{},"nome":"Comiss\u00e3o de Meio Ambiente","data":"2025-08-19","autor":"Idelvan-relator, Ca\u00e7ula-presidente e Cleuber-vogal","ementa":"\"Conclus\u00e3o\r\nA Comiss\u00e3o de Meio Ambiente, Recursos H\u00eddricos, Turismo e Lazer opina pela REGULAR TRAMITA\u00c7\u00c3O E POSTERIOR VOTA\u00c7\u00c3O ao Projeto de Lei n\u00b0 92/2025.\"","indexacao":"","arquivo":"http://sapl.catalao.go.leg.br/media/sapl/public/documentoacessorio/2025/9690/parecer_ma_-_pl_no_92-2025_pagenumber.pdf","data_ultima_atualizacao":"2025-09-04T15:09:06.133724-03:00","materia":9691,"tipo":9}