{"id":9689,"__str__":"Parecer da Comiss\u00e3o de Obras - Comiss\u00e3o de Obras, Servi\u00e7os P\u00fablicos e Urbanismo de 18/08/2025 por Gilberto-presidente e Silvinha-vogal","link_detail_backend":"/materia/documentoacessorio/9689","metadata":{},"nome":"Comiss\u00e3o de Obras, Servi\u00e7os P\u00fablicos e Urbanismo","data":"2025-08-18","autor":"Gilberto-presidente e Silvinha-vogal","ementa":"\"Conclus\u00e3o\r\nA Comiss\u00e3o de Obras, Servi\u00e7os P\u00fablicos e Urbanismo opina pela REGULAR TRAMITA\u00c7\u00c3O E POSTERIOR VOTA\u00c7\u00c3O do Projeto de Lei N\u00b0 92/2025.\"","indexacao":"","arquivo":"http://sapl.catalao.go.leg.br/media/sapl/public/documentoacessorio/2025/9689/parecer_obras_-_pl_no_92-2025_pagenumber.pdf","data_ultima_atualizacao":"2025-09-04T15:06:43.450976-03:00","materia":9691,"tipo":6}