{"id":800,"__str__":"Parecer da CCJ - Comiss\u00e3o de Constitui\u00e7\u00e3o, Justi\u00e7a e Reda\u00e7\u00e3o de 24/08/2020 por Arcilon, Paulinho e Cla\u00fadio","link_detail_backend":"/materia/documentoacessorio/800","metadata":{},"nome":"Comiss\u00e3o de Constitui\u00e7\u00e3o, Justi\u00e7a e Reda\u00e7\u00e3o","data":"2020-08-24","autor":"Arcilon, Paulinho e Cla\u00fadio","ementa":"Ante o exposto, manifesta - se pela REJEI\u00c7\u00c3O EM PLEN\u00c1RIO do Veto n\u00ba 001/2020.","indexacao":"","arquivo":"http://sapl.catalao.go.leg.br/media/sapl/public/documentoacessorio/2020/800/parecer_ccj_veto_no_001-2020.pdf","data_ultima_atualizacao":"2020-08-26T09:37:46.070936-03:00","materia":3219,"tipo":4}