{"id":651,"__str__":"Parecer da CCJ - Comiss\u00e3o de Constitui\u00e7\u00e3o, Justi\u00e7a e Reda\u00e7\u00e3o de 14/04/2020 por Silvia, Claudio Lima","link_detail_backend":"/materia/documentoacessorio/651","metadata":{},"nome":"Comiss\u00e3o de Constitui\u00e7\u00e3o, Justi\u00e7a e Reda\u00e7\u00e3o","data":"2020-04-14","autor":"Silvia, Claudio Lima","ementa":"Ante o exposto, com o devido respeito \u00e0 nobre iniciativa do vereador proponente, manifesta - se pela REJEI\u00c7\u00c3O EM PLEN\u00c1RIO da Emenda Supressiva n\u00b0 002 ao Projeto de Lei n\u00b0 042/2020.","indexacao":"","arquivo":"http://sapl.catalao.go.leg.br/media/sapl/public/documentoacessorio/2020/651/parecer_ccj_n020039.pdf","data_ultima_atualizacao":"2020-04-27T09:57:46.852221-03:00","materia":2737,"tipo":4}