{"id":6203,"__str__":"Parecer da Comiss\u00e3o de Sa\u00fade - Comiss\u00e3o de Sa\u00fade de 22/12/2023 por Idelvan-relator, Cl\u00e1udio Lima-presidente e Ros\u00e2ngela-vogal","link_detail_backend":"/materia/documentoacessorio/6203","metadata":{},"nome":"Comiss\u00e3o de Sa\u00fade","data":"2023-12-22","autor":"Idelvan-relator, Cl\u00e1udio Lima-presidente e Ros\u00e2ngela-vogal","ementa":"\"Em face do exposto, nos aspectos que compete a esta comiss\u00e3o examinar, opino pela APROVA\u00c7\u00c3O do Projeto de Lei n\u00ba 136/2023\".","indexacao":"","arquivo":"http://sapl.catalao.go.leg.br/media/sapl/public/documentoacessorio/2023/6203/parecer_saude_-_pl_no_136-2023.pdf","data_ultima_atualizacao":"2024-02-08T15:47:41.040389-03:00","materia":8134,"tipo":10}