{"id":616,"__str__":"Parecer da Comiss\u00e3o de Direitos Humanos - Comiss\u00e3o de Constitui\u00e7\u00e3o, Justi\u00e7a e Reda\u00e7\u00e3o de 25/03/2020 por Silvinha, Cl\u00e1udio Lima e Sousa Filho","link_detail_backend":"/materia/documentoacessorio/616","metadata":{},"nome":"Comiss\u00e3o de Constitui\u00e7\u00e3o, Justi\u00e7a e Reda\u00e7\u00e3o","data":"2020-03-25","autor":"Silvinha, Cl\u00e1udio Lima e Sousa Filho","ementa":"Ante o exposto, manifesta-se pela REGULAR TRAMITA\u00c7\u00c3O E POSTERIOR VOTA\u00c7\u00c3O, do Projeto de Resolu\u00e7\u00e3o n\u00ba 01/2020\".","indexacao":"","arquivo":"http://sapl.catalao.go.leg.br/media/sapl/public/documentoacessorio/2020/616/par_ccj_proj_de_res_no_01-2020.pdf","data_ultima_atualizacao":"2020-04-14T10:27:46.581156-03:00","materia":2708,"tipo":8}