{"id":54,"__str__":"Parecer da CCJ - Comiss\u00e3o de Constitui\u00e7\u00e3o, Justi\u00e7a e Reda\u00e7\u00e3o de 25/03/2019 por Cl\u00e1udio Lima, Silvinha e Marciel","link_detail_backend":"/materia/documentoacessorio/54","metadata":{},"nome":"Comiss\u00e3o de Constitui\u00e7\u00e3o, Justi\u00e7a e Reda\u00e7\u00e3o","data":"2019-03-25","autor":"Cl\u00e1udio Lima, Silvinha e Marciel","ementa":"\"Ante o exposto, manifesta-se pela REGULAR TRAMITA\u00c7\u00c3O E POSTERIOR VOTA\u00c7\u00c3O, do presente Projeto de Lei Complementar n\u00ba 01, de 15 de mar\u00e7o de 2019\".","indexacao":"","arquivo":"http://sapl.catalao.go.leg.br/media/sapl/public/documentoacessorio/2019/54/ccj-projeto_de_lei_complementar_n01.pdf","data_ultima_atualizacao":"2019-03-29T09:23:53.366081-03:00","materia":350,"tipo":4}