{"id":5428,"__str__":"Parecer da Comiss\u00e3o de Or\u00e7amento - Comiss\u00e3o de Finan\u00e7as, Or\u00e7amento e Fiscaliza\u00e7\u00e3o Fin de 30/10/2023 por Gilmar-relator, Deusmar-presidente e Higor Bueno-vogal","link_detail_backend":"/materia/documentoacessorio/5428","metadata":{},"nome":"Comiss\u00e3o de Finan\u00e7as, Or\u00e7amento e Fiscaliza\u00e7\u00e3o Fin","data":"2023-10-30","autor":"Gilmar-relator, Deusmar-presidente e Higor Bueno-vogal","ementa":"\"Ante o exposto, manifesto-me pela APROVA\u00c7\u00c3O do Projeto de Emenda \u00e0 Lei Org\u00e2nica do Munic\u00edpio N\u00ba 02/2.023\u201d.","indexacao":"","arquivo":"http://sapl.catalao.go.leg.br/media/sapl/public/documentoacessorio/2023/5428/parecer_orcamento_-_pelom_no_02-2023.pdf","data_ultima_atualizacao":"2023-11-13T15:52:58.506769-03:00","materia":7927,"tipo":5}