{"id":4936,"__str__":"Parecer da Comiss\u00e3o de Educa\u00e7\u00e3o - Comiss\u00e3o de Educa\u00e7\u00e3o e Servi\u00e7o Social de 14/03/2023 por Deusmar, Maciel e Marciel","link_detail_backend":"/materia/documentoacessorio/4936","metadata":{},"nome":"Comiss\u00e3o de Educa\u00e7\u00e3o e Servi\u00e7o Social","data":"2023-03-14","autor":"Deusmar, Maciel e Marciel","ementa":"\"Em face do exposto, nos aspectos que compete a esta Comiss\u00e3o examinar, opino pela APROVA\u00c7\u00c3O do Projeto de Lei n\u00ba 018/2023\".","indexacao":"","arquivo":"http://sapl.catalao.go.leg.br/media/sapl/public/documentoacessorio/2023/4936/parecer_educacao_-_pl_no_18-2023.pdf","data_ultima_atualizacao":"2023-03-23T14:03:28.044339-03:00","materia":7283,"tipo":7}