{"id":4910,"__str__":"Parecer da Comiss\u00e3o de Educa\u00e7\u00e3o - Comiss\u00e3o de Educa\u00e7\u00e3o e Servi\u00e7o Social de 16/02/2023 por Deusmar-relator, Maciel Batalha-presidente e Marciel do Tudo Caipira-vogal","link_detail_backend":"/materia/documentoacessorio/4910","metadata":{},"nome":"Comiss\u00e3o de Educa\u00e7\u00e3o e Servi\u00e7o Social","data":"2023-02-16","autor":"Deusmar-relator, Maciel Batalha-presidente e Marciel do Tudo Caipira-vogal","ementa":"\"Em face do exposto, nos aspectos que compete a esta comiss\u00e3o examinar, opino pela aprova\u00e7\u00e3o do Projeto de Lei n\u00ba 12/2.023\".","indexacao":"","arquivo":"http://sapl.catalao.go.leg.br/media/sapl/public/documentoacessorio/2023/4910/parecer_educacao_-_pl_no_12-2023.pdf","data_ultima_atualizacao":"2023-03-16T15:39:11.687166-03:00","materia":7233,"tipo":7}