{"id":465,"__str__":"Parecer da CCJ - Constitui\u00e7\u00e3o, Justi\u00e7a e Reda\u00e7\u00e3o de 10/12/2019 por Silvia, Claudio Lima, Marciel","link_detail_backend":"/materia/documentoacessorio/465","metadata":{},"nome":"Constitui\u00e7\u00e3o, Justi\u00e7a e Reda\u00e7\u00e3o","data":"2019-12-10","autor":"Silvia, Claudio Lima, Marciel","ementa":"Ante o exposto, opinamos pela posterior aprecia\u00e7\u00e3o e vota\u00e7\u00e3o do plen\u00e1rio.","indexacao":"","arquivo":"http://sapl.catalao.go.leg.br/media/sapl/public/documentoacessorio/2019/465/pj_de_decreto_legislativo_46_-_parecer_ccj.pdf","data_ultima_atualizacao":"2019-12-10T08:12:18.199388-03:00","materia":2012,"tipo":4}