{"id":403,"__str__":"Parecer Jur\u00eddico - Procuradoria Juridica de 19/11/2019 por Elke, Gustavo","link_detail_backend":"/materia/documentoacessorio/403","metadata":{},"nome":"Procuradoria Juridica","data":"2019-11-19","autor":"Elke, Gustavo","ementa":"\u201cDiante do exposto, ap\u00f3s an\u00e1lise, OPINAMOS PELA LEGALIDADE E CONSTITUCIONALIDADE DO PROJETO E MANIFESTAMOS PELA SUA REGULAR APRECIA\u00c7\u00c3O E VOTA\u00c7\u00c3O PELO PLEN\u00c1RIO.\u201d","indexacao":"","arquivo":"http://sapl.catalao.go.leg.br/media/sapl/public/documentoacessorio/2019/403/pj_decreto_legislativo_36_-_parecer_juridico.pdf","data_ultima_atualizacao":"2019-12-03T09:51:50.172949-03:00","materia":1932,"tipo":3}