{"id":3571,"__str__":"Parecer da Comiss\u00e3o de Educa\u00e7\u00e3o - Comiss\u00e3o de Educa\u00e7\u00e3o e Servi\u00e7o Social de 03/03/2022 por Deusmar-relator, Maciel Batalha-presidente e Marciel do Tudo Caipira-vogal","link_detail_backend":"/materia/documentoacessorio/3571","metadata":{},"nome":"Comiss\u00e3o de Educa\u00e7\u00e3o e Servi\u00e7o Social","data":"2022-03-03","autor":"Deusmar-relator, Maciel Batalha-presidente e Marciel do Tudo Caipira-vogal","ementa":"\"Em face do exposto, nos aspectos que compete a esta comiss\u00e3o examinar, opino pela APROVA\u00c7\u00c3O do Projeto de Lei N\u00ba 05/2022\".","indexacao":"","arquivo":"http://sapl.catalao.go.leg.br/media/sapl/public/documentoacessorio/2022/3571/parecer_educacao_-_pl_no_05-2022.pdf","data_ultima_atualizacao":"2022-09-21T15:43:03.632770-03:00","materia":5716,"tipo":7}