{"id":2710,"__str__":"Parecer da Comiss\u00e3o de Educa\u00e7\u00e3o - Comiss\u00e3o de Educa\u00e7\u00e3o e Servi\u00e7o Social de 05/11/2021 por Deusmar, Maciel e Marciel","link_detail_backend":"/materia/documentoacessorio/2710","metadata":{},"nome":"Comiss\u00e3o de Educa\u00e7\u00e3o e Servi\u00e7o Social","data":"2021-11-05","autor":"Deusmar, Maciel e Marciel","ementa":"\"Em face do exposto, nos aspectos que compete a esta comiss\u00e3o examinar, opino pela aprova\u00e7\u00e3o do Projeto de Decreto Legislativo n\u00ba 33/2021\".","indexacao":"","arquivo":"http://sapl.catalao.go.leg.br/media/sapl/public/documentoacessorio/2021/2710/parecer_educacao_pdl_no33-2021.pdf","data_ultima_atualizacao":"2021-11-18T14:50:26.409079-03:00","materia":5403,"tipo":7}