{"id":2650,"__str__":"Parecer da Comiss\u00e3o de Educa\u00e7\u00e3o - Comiss\u00e3o de Educa\u00e7\u00e3o e Servi\u00e7o Social de 30/09/2021 por Deusmar, Maciel e Marciel","link_detail_backend":"/materia/documentoacessorio/2650","metadata":{},"nome":"Comiss\u00e3o de Educa\u00e7\u00e3o e Servi\u00e7o Social","data":"2021-09-30","autor":"Deusmar, Maciel e Marciel","ementa":"\"Em face do exposto, mos aspectos que compete a esta comiss\u00e3o examinar, opino pela aprova\u00e7\u00e3o do Projeto de Decreto Legislativo n\u00b0 24/2021.\"","indexacao":"","arquivo":"http://sapl.catalao.go.leg.br/media/sapl/public/documentoacessorio/2021/2650/parecer_educacao_pdl_no_24-2021.pdf","data_ultima_atualizacao":"2021-10-19T09:38:46.834887-03:00","materia":5281,"tipo":7}