{"id":214,"__str__":"Parecer Jur\u00eddico - Procuradoria e Assessoria jur\u00eddica de 15/08/2019 por Gustavo,Elke","link_detail_backend":"/materia/documentoacessorio/214","metadata":{},"nome":"Procuradoria e Assessoria jur\u00eddica","data":"2019-08-15","autor":"Gustavo,Elke","ementa":"Diante do exposto, ap\u00f3s an\u00e1lise, OPINAMOS PELA LEGALIDADE E CONSTITUCIONALIDADE DO PROJETO E MANIFESTAMOS PELA SUA REGULAR APRECIA\u00c7\u00c3O E VOTA\u00c7\u00c3O PELO PLEN\u00c1RIO.","indexacao":"","arquivo":"http://sapl.catalao.go.leg.br/media/sapl/public/documentoacessorio/2019/214/parecer_juridico_projeto_de_lei_n69.pdf","data_ultima_atualizacao":"2019-08-15T09:56:29.898223-03:00","materia":1167,"tipo":3}